{"id":175826,"date":"2022-07-22T14:19:22","date_gmt":"2022-07-22T12:19:22","guid":{"rendered":"https:\/\/poble-espanyol.com\/?p=175826"},"modified":"2022-11-04T12:54:09","modified_gmt":"2022-11-04T10:54:09","slug":"concert-a-barcelona-love-of-lesbian-poble-espanyol","status":"publish","type":"post","link":"https:\/\/poble-espanyol.com\/ca\/concert-a-barcelona-love-of-lesbian-poble-espanyol\/","title":{"rendered":"Concert a Barcelona: Love of Lesbian | Poble Espanyol"},"content":{"rendered":"<p><strong>El millor dels concerts a Barcelona avui: Love of Lesbian<\/strong><\/p>\n<p>Aquest cap de setmana arriba a Barcelona el concert m\u00e9s esperat: Love of Lesbian a la Pla\u00e7a Major del Poble Espanyol! La banda de Santi Balmes inicia la gira V.E.H.N. (Viaje \u00e9pico hacia la nada) avui, divendres al Poble Espanyol de Barcelona.<\/p>\n<p>Love of Lesbian \u00e9s un dels grups que han marcat una \u00e8poca a Barcelona. Dues d\u00e8cades de hits, sold outs i directes inoblidables els avalen i els converteixen en una de les bandes m\u00e9s respectades i estimades de l&#8217;escena pop-rock estatal.<\/p>\n<p>El grup d&#8217;indie rock va comen\u00e7ar a tocar el 1997 i est\u00e0 format per: Santi Balmes, Juli\u00e0 Saldarriaga, Jordi Roig, Ricky Falkner, Oriol Bonet<\/p>\n<p><strong>Cru\u00eflla XXS 2022.<\/strong><\/p>\n<p>El directe a Montju\u00efc de Love of Lesbian est\u00e0 emmarcat dins del cicle Cru\u00efla XXS 2022.<\/p>\n<p>Cru\u00eflla XXSS ha reinventat el concepte de festival. Aquest 2022 organitzen m\u00e9s de 20 concerts a diferents escenaris emblem\u00e0tics de la ciutat de Barcelona, \u200b\u200bapropen m\u00e9s que mai la m\u00fasica, la cultura, l&#8217;oci i les arts esc\u00e8niques a la ciutat.<\/p>\n<p>Love of Lesbian \u00e9s part de la hist\u00f2ria del Cru\u00eflla. Han passat tres vegades pel festival i aquest any tornen per omplir el Poble Espanyol a la festa final del Cru\u00eflla XXS. I que servir\u00e0 a la banda per tornar all\u00e0 on sol\u00edem cridar.<\/p>\n<p><strong>El Poble Espanyol com a escenari \u00fanic a Barcelona<\/strong><\/p>\n<p>La Pla\u00e7a Major del Poble Espanyol \u00e9s un lloc on la m\u00fasica en directe es viu com en cap altre lloc. La seva ac\u00fastica privilegiada, l&#8217;entorn, la mida i el fet de ser a l&#8217;aire lliure el converteixen en un lloc m\u00e0gic per gaudir de concerts de tota mena. Per\u00f2 hi ha altres espais dins del Poble on es programen concerts a Barcelona aquest cap de setmana amb un encant molt especial. Consulta la nostra agenda!<\/p>\n","protected":false},"excerpt":{"rendered":"<p>El millor dels concerts a Barcelona avui: Love of Lesbian Aquest cap de setmana arriba a Barcelona el concert m\u00e9s [&hellip;]<\/p>\n","protected":false},"author":4,"featured_media":175828,"comment_status":"open","ping_status":"open","sticky":false,"template":"","format":"standard","meta":{"_acf_changed":false,"footnotes":""},"categories":[7156],"tags":[],"class_list":["post-175826","post","type-post","status-publish","format-standard","has-post-thumbnail","hentry","category-musica-2"],"acf":[],"_links":{"self":[{"href":"https:\/\/poble-espanyol.com\/ca\/wp-json\/wp\/v2\/posts\/175826","targetHints":{"allow":["GET"]}}],"collection":[{"href":"https:\/\/poble-espanyol.com\/ca\/wp-json\/wp\/v2\/posts"}],"about":[{"href":"https:\/\/poble-espanyol.com\/ca\/wp-json\/wp\/v2\/types\/post"}],"author":[{"embeddable":true,"href":"https:\/\/poble-espanyol.com\/ca\/wp-json\/wp\/v2\/users\/4"}],"replies":[{"embeddable":true,"href":"https:\/\/poble-espanyol.com\/ca\/wp-json\/wp\/v2\/comments?post=175826"}],"version-history":[{"count":0,"href":"https:\/\/poble-espanyol.com\/ca\/wp-json\/wp\/v2\/posts\/175826\/revisions"}],"wp:featuredmedia":[{"embeddable":true,"href":"https:\/\/poble-espanyol.com\/ca\/wp-json\/wp\/v2\/media\/175828"}],"wp:attachment":[{"href":"https:\/\/poble-espanyol.com\/ca\/wp-json\/wp\/v2\/media?parent=175826"}],"wp:term":[{"taxonomy":"category","embeddable":true,"href":"https:\/\/poble-espanyol.com\/ca\/wp-json\/wp\/v2\/categories?post=175826"},{"taxonomy":"post_tag","embeddable":true,"href":"https:\/\/poble-espanyol.com\/ca\/wp-json\/wp\/v2\/tags?post=175826"}],"curies":[{"name":"wp","href":"https:\/\/api.w.org\/{rel}","templated":true}]}}