{"id":199356,"date":"2022-08-24T13:55:19","date_gmt":"2022-08-24T11:55:19","guid":{"rendered":"https:\/\/poble-espanyol.com\/?p=199356"},"modified":"2022-08-24T15:21:59","modified_gmt":"2022-08-24T13:21:59","slug":"biergarten-poble-espanyol","status":"publish","type":"post","link":"https:\/\/poble-espanyol.com\/ca\/biergarten-poble-espanyol\/","title":{"rendered":"Biergarten | Poble Espanyol"},"content":{"rendered":"<h1>Biergaten al Poble Espanyol<\/h1>\n<p>Estem de tornada! La\u00a010a\u00a0edici\u00f3 de la\u00a0Biergarten\u00a0torna amb m\u00e9s for\u00e7a que mai, no et perdis l&#8217;esdeveniment cerveser m\u00e9s aut\u00e8ntic de Barcelona!<\/p>\n<p>En aquesta edici\u00f3, podreu degustar una \u00e0mplia varietat de cerveses i gaudir amb les millors propostes gastron\u00f2miques alemanyes. Cerveses de blat, negres,\u00a0Pilsener,\u00a0Lager,\u00a0frankfurts,\u00a0bratwursts,\u00a0codillo\u2026. Per\u00f2 aix\u00f2 no \u00e9s tot! Cervesa i gastronomia es combinaran amb diversos concursos com el d&#8217;aixecament de gerres, tallers de tast i de tirar cervesa, concursos i molta m\u00fasica!<\/p>\n<p>L&#8217;entrada a la Biergarten \u00e9s gratu\u00efta per a residents a Catalunya. Aix\u00ed i tot, podr\u00e0s reservar amb antelaci\u00f3 comprant qualsevol tipus de men\u00fa per a assegurar-te l&#8217;entrada i no quedar-te sense la millor festa cervesera de Barcelona!<\/p>\n<h2>La millor festa de la cervesa de Barcelona<\/h2>\n<p>Biergarten est\u00e0 pensada perqu\u00e8 els amants de la cervesa passin una bona estona, per aix\u00f2 us trobareu amb activitats i concursos, per a passar-ho tan b\u00e9 com sigui possible en bona companyia i que gaudiu al 100% de la millor festa de la cervesa de Barcelona:<br \/>\n&#8211; Maridatges de cerveses<br \/>\n&#8211; Tast de cerveses<br \/>\n&#8211; Expert tirador de cervesa<br \/>\n&#8211; Concurs de menjar frankfurts<br \/>\n&#8211; Concursos diversos: Yodeling contest, Limbo, concurs d&#8217;aixecament de gerres\u2026 Estigueu atents, els premis s\u00f3n molt suculents!<\/p>\n<p>L&#8217;entrada a la Biergarten \u00e9s gratu\u00efta, per\u00f2 amb la compra online del men\u00fa tindr\u00e0s una taula reservada durant 2 hores. Per\u00f2 no et preocupis! Despr\u00e9s podr\u00e0s continuar gaudint de la festa en les zones sense taules en cas que la teva taula sigui necess\u00e0ria.<\/p>\n<p>Els men\u00fas inclouen\u00a0frankfurt,\u00a0bratwurst\u00a0i\u00a0codillo\u00a0i podr\u00e0s trobar altres propostes gastron\u00f2miques perqu\u00e8 tothom pugui gaudir per igual de l&#8217;esdeveniment cerveser i gastron\u00f2mic m\u00e9s aut\u00e8ntic de Barcelona, com l&#8217;opci\u00f3 vegana o l&#8217;opci\u00f3 per a nens\/as.<\/p>\n<p>Si vols saber m\u00e9s informaci\u00f3 sobre la millor festa de la cervesa de Barcelona, en el seg\u00fcent link trobar\u00e0 tota la informaci\u00f3: <a href=\"https:\/\/poble-espanyol.com\/actividad\/biergarten\/\">https:\/\/poble-espanyol.com\/actividad\/biergarten\/<\/a><\/p>\n<h3>Treu el m\u00e0xim partit a la Biergarten<\/h3>\n<div class=\"fusion-layout-column fusion_builder_column fusion-builder-column-15 fusion_builder_column_1_2 1_2 fusion-flex-column\">\n<div class=\"fusion-column-wrapper fusion-flex-justify-content-flex-start fusion-content-layout-column\">\n<div class=\"fusion-li-item-content\">\n<div class=\"block-price\">\n<div class=\"buttons\">\n<div class=\"product-buy\">L&#8217;entrada a la Biergarten \u00e9s gratu\u00efta, per\u00f2 per a poder gaudir, compra anticipadament el teu men\u00fa i no et quedis sense entrada, a m\u00e9s t&#8217;estalviaras cues. Pots triar entre moltes varietats dins de la secci\u00f3 \u00abMen\u00fas\u00bb.<br \/>\nSi voleu anar en grup, us demanem que feu la compra tots junts per a poder asseure-us junts. D&#8217;aquesta manera ens assegurem que tothom pugui tenir el seu lloc!<br \/>\nTots els tallers s\u00f3n gratu\u00efts! I per a poder gaudir-los, \u00e9s necessari comprar un men\u00fa a la web.<br \/>\nLa compra d&#8217;un men\u00fa dona dret a disposar de la taula durant la franja hor\u00e0ria seleccionada, despr\u00e9s podr\u00e0s continuar gaudint de la festa en les zones sense taules en cas que la teva taula sigui necess\u00e0ria.<br \/>\nDescobreix aqu\u00ed totes les activitats que ofereix el <a href=\"https:\/\/poble-espanyol.com\/\">Poble Espanyol<\/a><\/div>\n<\/div>\n<\/div>\n<\/div>\n<\/div>\n<\/div>\n","protected":false},"excerpt":{"rendered":"<p>Biergaten al Poble Espanyol Estem de tornada! La\u00a010a\u00a0edici\u00f3 de la\u00a0Biergarten\u00a0torna amb m\u00e9s for\u00e7a que mai, no et perdis l&#8217;esdeveniment cerveser [&hellip;]<\/p>\n","protected":false},"author":7,"featured_media":145674,"comment_status":"open","ping_status":"open","sticky":false,"template":"","format":"standard","meta":{"_acf_changed":false,"footnotes":""},"categories":[7970],"tags":[],"class_list":["post-199356","post","type-post","status-publish","format-standard","has-post-thumbnail","hentry","category-festival-2"],"acf":[],"_links":{"self":[{"href":"https:\/\/poble-espanyol.com\/ca\/wp-json\/wp\/v2\/posts\/199356","targetHints":{"allow":["GET"]}}],"collection":[{"href":"https:\/\/poble-espanyol.com\/ca\/wp-json\/wp\/v2\/posts"}],"about":[{"href":"https:\/\/poble-espanyol.com\/ca\/wp-json\/wp\/v2\/types\/post"}],"author":[{"embeddable":true,"href":"https:\/\/poble-espanyol.com\/ca\/wp-json\/wp\/v2\/users\/7"}],"replies":[{"embeddable":true,"href":"https:\/\/poble-espanyol.com\/ca\/wp-json\/wp\/v2\/comments?post=199356"}],"version-history":[{"count":0,"href":"https:\/\/poble-espanyol.com\/ca\/wp-json\/wp\/v2\/posts\/199356\/revisions"}],"wp:featuredmedia":[{"embeddable":true,"href":"https:\/\/poble-espanyol.com\/ca\/wp-json\/wp\/v2\/media\/145674"}],"wp:attachment":[{"href":"https:\/\/poble-espanyol.com\/ca\/wp-json\/wp\/v2\/media?parent=199356"}],"wp:term":[{"taxonomy":"category","embeddable":true,"href":"https:\/\/poble-espanyol.com\/ca\/wp-json\/wp\/v2\/categories?post=199356"},{"taxonomy":"post_tag","embeddable":true,"href":"https:\/\/poble-espanyol.com\/ca\/wp-json\/wp\/v2\/tags?post=199356"}],"curies":[{"name":"wp","href":"https:\/\/api.w.org\/{rel}","templated":true}]}}