{"id":248765,"date":"2023-11-02T14:14:07","date_gmt":"2023-11-02T12:14:07","guid":{"rendered":"https:\/\/poble-espanyol.com\/?p=248765"},"modified":"2024-09-18T09:56:57","modified_gmt":"2024-09-18T07:56:57","slug":"festa-de-cap-dany-2023-poble-espanyol","status":"publish","type":"post","link":"https:\/\/poble-espanyol.com\/ca\/festa-de-cap-dany-2023-poble-espanyol\/","title":{"rendered":"Festa de Cap d&#8217;Any 2025 | Poble Espanyol"},"content":{"rendered":"<h1>Cap d&#8217;Any a Barcelona<\/h1>\n<p>S&#8217;acosta el <strong>cap d&#8217;any a Barcelona<\/strong> i no hi ha res millor que donar la benvinguda al 2025 de la manera m\u00e9s espectacular. Des d&#8217;assistir al tradicional espectacle de la Font M\u00e0gica de Montju\u00efc, fins a gaudir de sopars de gala als restaurants m\u00e9s exclusius i seguir la celebraci\u00f3 amb les millors festes a discoteques de renom internacional i bars de moda, hi ha opcions per a tots els gustos i pressupostos ! El Poble Espanyol, lloc emblem\u00e0tic de la ciutat, s&#8217;uneix a la celebraci\u00f3 amb una de les opcions m\u00e9s atractives per passar la <strong>nit de Cap d&#8217;Any 2024<\/strong>. En un entorn privilegiat i un ambient festiu, gaudir\u00e0s d&#8217;una vetllada inoblidable plena d&#8217;alegria i bon rotllo. Descobriu<strong> la millor festa de cap d&#8217;any a Barcelona<\/strong> i celebreu l&#8217;arribada del 2024 de la millor manera!<\/p>\n<h2>La millor festa de Cap d&#8217;Any a Barcelona<\/h2>\n<p>Barcelona \u00e9s una de les destinacions m\u00e9s populars per celebrar la nit de Cap d&#8217;Any i la festa del Poble Espanyol s&#8217;ha convertit en una tradici\u00f3 a la ciutat, atraient milers de visitants de tot el m\u00f3n que volen donar la benvinguda al nou any de la manera m\u00e9s especial .<\/p>\n<p>Aquest lloc ic\u00f2nic de la ciutat, que recrea l&#8217;arquitectura i la cultura de les diferents regions d&#8217;Espanya, fa m\u00e9s de 30 anys que celebra la festa de cap d&#8217;any m\u00e9s divertida de Barcelona. Durant la nit del 31 de desembre, amb una decoraci\u00f3 festiva i acollidora, el recinte es converteix en un escenari excepcional per passar-hi una nit incre\u00efble, envoltats dels teus amics i bona energia.<\/p>\n<p>La celebraci\u00f3 comen\u00e7a a les 22:30h amb una pr\u00e8via per esperar les cl\u00e0ssiques campanades i el ra\u00efm, tal com mana la tradici\u00f3. Per\u00f2 aix\u00f2 nom\u00e9s \u00e9s l&#8217;aperitiu, perqu\u00e8 la veritable diversi\u00f3 t&#8217;espera despr\u00e9s. Copes, cotill\u00f3, balls i molta festa fins a les 6h de la matinada, podent triar entre 3 espais diferents, cadascun amb el seu propi estil de m\u00fasica i ambient \u00fanic. Perqu\u00e8 en cap moment pari el ritme!<\/p>\n<p>Per a l&#8217;esdeveniment de Cap d&#8217;Any al Poble Espanyol, tens a la teva disposici\u00f3 diferents opcions d&#8217;entrades. Amb l&#8217;entrada general, tindreu acc\u00e9s a dos dels principals espais del recinte: la Pla\u00e7a Major i la Carpa. A l&#8217;Hivernacle de la Pla\u00e7a Major, gaudireu d&#8217;un gran i c\u00f2mode espai a l&#8217;aire lliure equipat amb un impressionant hivernacle transparent, on podreu celebrar les tan esperades campanades i seguir la festa amb copes i m\u00fasica. A la Carpa trobareu comoditat i diversi\u00f3 en un espai ampli i modern, envoltat d&#8217;una atmosfera animada i en\u00e8rgica i els millors hits del moment. Amb la teva entrada general, tindr\u00e0s incloses quatre consumicions, el ra\u00efm de la sort i el cotill\u00f3 per gaudir com un veritable rei en una nit tan especial.<\/p>\n<p>Si busques una experi\u00e8ncia m\u00e9s sofisticada i exclusiva, pots optar per reservar la teva entrada VIP i gaudir de la festa en una ubicaci\u00f3 privilegiada amb impressionants vistes de Barcelona i serveis premium per a un nombre limitat de persones: acc\u00e9s sense cua, taules reservades per a grups i una cuidada selecci\u00f3 d&#8217;ampolles de begudes alcoh\u00f2liques per brindar i celebrar l&#8217;arribada del nou any d&#8217;una manera memorable.<\/p>\n<p>Trieu l&#8217;opci\u00f3 que m\u00e9s us agradi i recordeu: totes les entrades inclouen l&#8217;acc\u00e9s al recinte del Poble Espanyol, un gran museu a l&#8217;aire lliure on tindreu l&#8217;oportunitat de visitar amb nom\u00e9s uns minuts de caminada. Submergeix-te en un m\u00f3n m\u00e0gic que reflecteix la rica cultura i arquitectura d&#8217;Espanya amb la recreaci\u00f3 de 117 construccions que expliquen hist\u00f2ries diferents i permeten explorar m\u00e9s de 15 zones de la pen\u00ednsula sense sortir de Barcelona. Gaudeix tamb\u00e9 d&#8217;una \u00e0mplia varietat d&#8217;opcions gastron\u00f2miques, botigues de productes artesanals i exposicions.<\/p>\n<p>No us perdeu l&#8217;oportunitat de reservar la vostra entrada amb antelaci\u00f3 i prepareu-vos per gaudir de la millor festa de Cap d&#8217;Any a Barcelona envoltat d&#8217;hist\u00f2ria, tradici\u00f3 i glamour. Que comenci el compte enrere!<\/p>\n<h2>A on celebrar les campanades a Barcelona<\/h2>\n<p><span style=\"font-weight: 400;\">A Espanya, una de les tradicions m\u00e9s arrelades \u00e9s rebre el nou any amb les dotze campanades i el ra\u00efm de la sort. Aquesta tradici\u00f3 consisteix a menjar un ra\u00efm per cada campanada, demanant un desig per cadascuna. Si passes la nit de Cap d&#8217;Any a Barcelona, \u200b\u200btens diverses opcions per celebrar aquest moment tan especial. <\/span><\/p>\n<p><span style=\"font-weight: 400;\">Ja sigui a la bulliciosa Pla\u00e7a de Catalunya, en un sopar de gala amb vistes panor\u00e0miques o a les Fonts M\u00e0giques de Montju\u00efc amb un gran espectacle de llums, aigua, m\u00fasica i focs artificials, la ciutat us garanteix una celebraci\u00f3 del Cap d&#8217;Any inoblidable. Si vols viure una experi\u00e8ncia \u00fanica durant les campanades a Barcelona, \u200b\u200bel Poble Espanyol \u00e9s el lloc perfecte per fer-ho. Un dels moments m\u00e9s emocionants i anhelats de la nit \u00e9s el compte enrere que se celebra a la Pla\u00e7a Major d&#8217;aquest recinte encantador. <\/span><\/p>\n<p><span style=\"font-weight: 400;\">Cap a les dotze de la nit, les campanes del rellotge sonen per anunciar l&#8217;inici del nou any mentre es reparteixen els 12 ra\u00efms de la sort entre els assistents. <\/span><span style=\"font-weight: 400;\">L&#8217;atmosfera s&#8217;inunda d&#8217;emoci\u00f3 mentre tothom brinda amb cava i gaudeix dels espectaculars focs artificials que il\u00b7luminen el cel sobre la muntanya del Montju\u00efc, creant un ambient festiu que deixa records inesborrable. <\/span><\/p>\n<p><span style=\"font-weight: 400;\">Ja est\u00e0s preparat per rebre l&#8217;any nou com es mereix? Uneix-te a una celebraci\u00f3 sense igual en aquest rac\u00f3 m\u00e0gic de la ciutat! Si vols resoldre tots els teus dubtes, consulta les FAQs de la<\/span><span style=\"font-weight: 400;\">\u00a0<\/span><a href=\"https:\/\/www.fiestapobleespanyol.com\/faqs\/\"><span style=\"font-weight: 400;\">web de la Fiesta de Fin de A\u00f1o del Poble Espanyol<\/span><\/a><span style=\"font-weight: 400;\">. <\/span><\/p>\n","protected":false},"excerpt":{"rendered":"<p>Cap d&#8217;Any a Barcelona S&#8217;acosta el cap d&#8217;any a Barcelona i no hi ha res millor que donar la benvinguda [&hellip;]<\/p>\n","protected":false},"author":7,"featured_media":243301,"comment_status":"closed","ping_status":"closed","sticky":false,"template":"","format":"standard","meta":{"_acf_changed":false,"footnotes":""},"categories":[7970,7156],"tags":[],"class_list":["post-248765","post","type-post","status-publish","format-standard","has-post-thumbnail","hentry","category-festival-2","category-musica-2"],"acf":[],"_links":{"self":[{"href":"https:\/\/poble-espanyol.com\/ca\/wp-json\/wp\/v2\/posts\/248765","targetHints":{"allow":["GET"]}}],"collection":[{"href":"https:\/\/poble-espanyol.com\/ca\/wp-json\/wp\/v2\/posts"}],"about":[{"href":"https:\/\/poble-espanyol.com\/ca\/wp-json\/wp\/v2\/types\/post"}],"author":[{"embeddable":true,"href":"https:\/\/poble-espanyol.com\/ca\/wp-json\/wp\/v2\/users\/7"}],"replies":[{"embeddable":true,"href":"https:\/\/poble-espanyol.com\/ca\/wp-json\/wp\/v2\/comments?post=248765"}],"version-history":[{"count":3,"href":"https:\/\/poble-espanyol.com\/ca\/wp-json\/wp\/v2\/posts\/248765\/revisions"}],"predecessor-version":[{"id":253695,"href":"https:\/\/poble-espanyol.com\/ca\/wp-json\/wp\/v2\/posts\/248765\/revisions\/253695"}],"wp:featuredmedia":[{"embeddable":true,"href":"https:\/\/poble-espanyol.com\/ca\/wp-json\/wp\/v2\/media\/243301"}],"wp:attachment":[{"href":"https:\/\/poble-espanyol.com\/ca\/wp-json\/wp\/v2\/media?parent=248765"}],"wp:term":[{"taxonomy":"category","embeddable":true,"href":"https:\/\/poble-espanyol.com\/ca\/wp-json\/wp\/v2\/categories?post=248765"},{"taxonomy":"post_tag","embeddable":true,"href":"https:\/\/poble-espanyol.com\/ca\/wp-json\/wp\/v2\/tags?post=248765"}],"curies":[{"name":"wp","href":"https:\/\/api.w.org\/{rel}","templated":true}]}}