{"id":175840,"date":"2022-07-22T14:22:43","date_gmt":"2022-07-22T12:22:43","guid":{"rendered":"https:\/\/poble-espanyol.com\/?p=175840"},"modified":"2025-05-15T11:41:05","modified_gmt":"2025-05-15T09:41:05","slug":"concert-in-barcelona-love-of-lesbian-poble-espanyol","status":"publish","type":"post","link":"https:\/\/poble-espanyol.com\/fr\/concert-in-barcelona-love-of-lesbian-poble-espanyol\/","title":{"rendered":"Concert \u00e0 Barcelone : Love of Lesbian | Poble Espanyol"},"content":{"rendered":"<p><strong>Le meilleur des concerts \u00e0 Barcelone aujourd&rsquo;hui : Love of Lesbian<\/strong><\/p>\n<p>Ce week-end, le concert le plus attendu arrive \u00e0 Barcelone : Love of Lesbian sur la Plaza Mayor du Poble Espanyol ! Le groupe de Santi Balmes lance le V.E.H.N. (Voyage \u00e9pique vers rien) aujourd&rsquo;hui, vendredi au Poble Espanyol de Barcelone.<\/p>\n<p>Love of Lesbian est l&rsquo;un des groupes qui a marqu\u00e9 une \u00e9poque \u00e0 Barcelone. Deux d\u00e9cennies de succ\u00e8s, de ventes \u00e0 guichets ferm\u00e9s et de concerts inoubliables les approuvent et en font l&rsquo;un des groupes les plus respect\u00e9s et les plus aim\u00e9s de la sc\u00e8ne pop-rock d&rsquo;\u00c9tat.<\/p>\n<p>Le groupe de rock ind\u00e9pendant a commenc\u00e9 \u00e0 jouer en 1997 et est compos\u00e9 de : Santi Balmes, Juli\u00e1n Saldarriaga, Jordi Roig, Ricky Falkner, Oriol Bonet<\/p>\n<p><strong>Cruilla XXS 2022.<\/strong><\/p>\n<p>Le spectacle en direct \u00e0 Montju\u00efc de Love of Lesbian fait partie du cycle Cru\u00efla XXS 2022.<\/p>\n<p>Cru\u00eflla XXSS a r\u00e9invent\u00e9 le concept de festival. En 2022, ils organisent plus de 20 concerts dans diff\u00e9rentes sc\u00e8nes embl\u00e9matiques de la ville de Barcelone, rapprochant plus que jamais la musique, la culture, les loisirs et les arts du spectacle de la ville.<\/p>\n<p>Love of Lesbian fait partie de l&rsquo;histoire de Cru\u00eflla. Ils ont \u00e9t\u00e9 trois fois au festival et cette ann\u00e9e, ils sont de retour pour remplir le Poble Espanyol lors de la derni\u00e8re soir\u00e9e Cru\u00eflla XXS. Et \u00e7a servira \u00e0 la bande de revenir L\u00e0 o\u00f9 on criait.<\/p>\n<p><strong>Poble Espanyol comme cadre unique \u00e0 Barcelone<\/strong><\/p>\n<p>La Plaza Mayor du Poble Espanyol est un lieu o\u00f9 la musique live est v\u00e9cue comme nulle part ailleurs. Son acoustique privil\u00e9gi\u00e9e, le cadre, sa taille et le fait qu&rsquo;il soit en plein air en font un lieu magique pour profiter de concerts en tout genre. Mais il existe d&rsquo;autres espaces dans le Poble o\u00f9 des concerts sont programm\u00e9s \u00e0 Barcelone ce week-end avec un charme tr\u00e8s particulier. Consultez notre agenda !<\/p>\n","protected":false},"excerpt":{"rendered":"<p>Le meilleur des concerts \u00e0 Barcelone aujourd&rsquo;hui : Love of Lesbian Ce week-end, le concert le plus attendu arrive \u00e0 [&hellip;]<\/p>\n","protected":false},"author":4,"featured_media":175835,"comment_status":"open","ping_status":"open","sticky":false,"template":"","format":"standard","meta":{"_acf_changed":false,"footnotes":""},"categories":[],"tags":[],"class_list":["post-175840","post","type-post","status-publish","format-standard","has-post-thumbnail","hentry"],"acf":[],"_links":{"self":[{"href":"https:\/\/poble-espanyol.com\/fr\/wp-json\/wp\/v2\/posts\/175840","targetHints":{"allow":["GET"]}}],"collection":[{"href":"https:\/\/poble-espanyol.com\/fr\/wp-json\/wp\/v2\/posts"}],"about":[{"href":"https:\/\/poble-espanyol.com\/fr\/wp-json\/wp\/v2\/types\/post"}],"author":[{"embeddable":true,"href":"https:\/\/poble-espanyol.com\/fr\/wp-json\/wp\/v2\/users\/4"}],"replies":[{"embeddable":true,"href":"https:\/\/poble-espanyol.com\/fr\/wp-json\/wp\/v2\/comments?post=175840"}],"version-history":[{"count":1,"href":"https:\/\/poble-espanyol.com\/fr\/wp-json\/wp\/v2\/posts\/175840\/revisions"}],"predecessor-version":[{"id":256368,"href":"https:\/\/poble-espanyol.com\/fr\/wp-json\/wp\/v2\/posts\/175840\/revisions\/256368"}],"wp:featuredmedia":[{"embeddable":true,"href":"https:\/\/poble-espanyol.com\/fr\/wp-json\/wp\/v2\/media\/175835"}],"wp:attachment":[{"href":"https:\/\/poble-espanyol.com\/fr\/wp-json\/wp\/v2\/media?parent=175840"}],"wp:term":[{"taxonomy":"category","embeddable":true,"href":"https:\/\/poble-espanyol.com\/fr\/wp-json\/wp\/v2\/categories?post=175840"},{"taxonomy":"post_tag","embeddable":true,"href":"https:\/\/poble-espanyol.com\/fr\/wp-json\/wp\/v2\/tags?post=175840"}],"curies":[{"name":"wp","href":"https:\/\/api.w.org\/{rel}","templated":true}]}}